{"id":95309,"date":"2023-11-28T10:51:35","date_gmt":"2023-11-28T10:51:35","guid":{"rendered":"https:\/\/htb.com.pl\/?p=95309"},"modified":"2023-12-01T14:39:55","modified_gmt":"2023-12-01T14:39:55","slug":"palenie-w-piecach-weglowych-od-gory","status":"publish","type":"post","link":"https:\/\/htb.com.pl\/?p=95309","title":{"rendered":"Palenie w piecach w\u0119glowych od g\u00f3ry"},"content":{"rendered":"\n<figure class=\"wp-block-image size-full\"><a href=\"http:\/\/radiomaria.com.pl\/wp-content\/uploads\/2021\/11\/Palenie-weglem-w-piecach.mp3\"><img loading=\"lazy\" decoding=\"async\" width=\"800\" height=\"329\" src=\"https:\/\/htb.com.pl\/wp-content\/uploads\/2023\/11\/palenie-od-gory-zar-na-palenisku.jpg\" alt=\"\" class=\"wp-image-95310\" srcset=\"https:\/\/htb.com.pl\/wp-content\/uploads\/2023\/11\/palenie-od-gory-zar-na-palenisku.jpg 800w, https:\/\/htb.com.pl\/wp-content\/uploads\/2023\/11\/palenie-od-gory-zar-na-palenisku-300x123.jpg 300w, https:\/\/htb.com.pl\/wp-content\/uploads\/2023\/11\/palenie-od-gory-zar-na-palenisku-768x316.jpg 768w, https:\/\/htb.com.pl\/wp-content\/uploads\/2023\/11\/palenie-od-gory-zar-na-palenisku-600x247.jpg 600w\" sizes=\"auto, (max-width: 800px) 100vw, 800px\" \/><\/a><figcaption class=\"wp-element-caption\"><strong>Zdj\u0119cia s\u0105 aktywne kliknij \u017ceby pos\u0142ucha\u0107 mojej rozmowy z \u201eFrankiem\u201d.<\/strong><br>Kilka lat temu postanowi\u0142em przekona\u0107 S\u0142uchaczy Radia MARIA, tych co opalaj\u0105 swe domy w\u0119glem, aby spr\u00f3bowali pali\u0107 od g\u00f3ry. Na pocz\u0105tku si\u0119 nie udawa\u0142o, dopiero, jak nagra\u0142em&nbsp;<a href=\"http:\/\/radiomaria.com.pl\/wp-content\/uploads\/2021\/11\/Palenie-weglem-w-piecach.mp3\">PODCAST<\/a>&nbsp;z \u201eFrankiem\u201d wtedy osadzonym, a dzi\u015b warunkowo zwolnionym z ZK , kilku niedowiark\u00f3w spr\u00f3bowa\u0142o i do tej metody palenia si\u0119 przekona\u0142o. Ostatnio ju\u017c sami t\u0105 metod\u0119 nieco udoskonalili. Zamiast drewna do rozpalania p\u0142yty pil\u015bniowej mi\u0119kkiej u\u017cyli \u2013 i si\u0119 zdziwili. \u201eSygnali\u015bci\u201d inaczej donosiciele Stra\u017c Miejsk\u0105 zawiadomili i stra\u017cnicy s\u0142uchaczom mandaty wystawili. S\u0142uchacze do mnie si\u0119 poskar\u017cyli i \u2026<br><strong>B\u0119dziemy dzia\u0142ali, \u017ceby stra\u017cnicy mandaty wycofali \u2013 mo\u017ce by\u015bcie Kochani to obserwowali \u2013 mo\u017ce by\u015bcie si\u0119 do palenie w piecach w\u0119glowych od g\u00f3ry przekonali?<\/strong><\/figcaption><\/figure>\n\n\n\n<p>&#8220;Uzbrojony&#8221; w poni\u017cszy materia\u0142 i mikrofon wybieram si\u0119 do Wydzia\u0142u Ochrony \u015arodowiska UM w Mielcu, aby nagra\u0107 kolejny PODCAST dotycz\u0105cy tego tematu.<\/p>\n\n\n\n<p><strong>P\u0142yta pil\u015bniowa mi\u0119kka \u2013 dzi\u015b to STEICO isorel<\/strong><\/p>\n\n\n\n<p><strong>Zalecenia projektowe i wykonawcze<\/strong><\/p>\n\n\n\n<p>Szczeg\u00f3\u0142owe zalecenia projektowe i wykonawcze znajdziesz w zak\u0142adce&nbsp;<strong><a href=\"https:\/\/www.steico.com\/pl\/download\/foldery-produktow\">Download<\/a><\/strong><\/p>\n\n\n\n<p><strong>W\u0142a\u015bciwo\u015bci techniczne<\/strong><\/p>\n\n\n\n<figure class=\"wp-block-table\"><table><tbody><tr><td><strong>Produkcja i kontrola wg<\/strong><\/td><td>PN EN 13986<\/td><\/tr><tr><td><strong>Oznakowanie p\u0142yt<\/strong><\/td><td>EN 622-4 SB \u2013 E1<\/td><\/tr><tr><td><strong>Klasa reakcji na ogie\u0144 (RTF) PN EN 13501-1<\/strong><\/td><td>E<\/td><\/tr><tr><td><strong>Deklarowany wsp\u00f3\u0142czynnik przewodzenia ciep\u0142a [W\/(m*K)]<\/strong><\/td><td>0,050<\/td><\/tr><tr><td><strong>Deklarowany op\u00f3r cieplny [(m\u00b2*K)\/W]<\/strong><\/td><td>0,04 (8) \/ 0,05(10) \/ 0,06 (12) \/ 0,08 (15) \/ 0,1(19)<\/td><\/tr><tr><td><strong>G\u0119sto\u015b\u0107 [kg\/m\u00b3]<\/strong><\/td><td>ok. 230<\/td><\/tr><tr><td><strong>Wsp\u00f3\u0142czynnik oporu dyfuzyjnego \u00b5<\/strong><\/td><td>5<\/td><\/tr><tr><td><strong>Warto\u015b\u0107 s<\/strong><strong><sub>d<\/sub><\/strong><strong>&nbsp;[m]<\/strong><\/td><td>0,04(8) \/ 0,05(10) \/ 0,06(12) \/ 0,08(15) \/ 0,10(19)<\/td><\/tr><tr><td><strong>Ciep\u0142o w\u0142a\u015bciwe [J\/(kg*K)]<\/strong><\/td><td>2.100<\/td><\/tr><tr><td><strong>Druckspannung bei 10% Stauchung \u03b4<\/strong><strong><sub>10<\/sub><\/strong><strong>&nbsp;[N\/mm<\/strong><strong><sup>2<\/sup><\/strong><strong>]<\/strong><\/td><td>\u22650,10<\/td><\/tr><tr><td><strong>Wytrzyma\u0142o\u015b\u0107 na \u015bciskanie [kPa]<\/strong><\/td><td>\u2265100<\/td><\/tr><tr><td><strong>Surowce<\/strong><\/td><td>W\u0142\u00f3kno drzewne<\/td><\/tr><tr><td><strong>Kod odpadu (EAK)<\/strong><\/td><td>030105 \/170201 usuwanie jak w przypadachdach drewna i materia\u0142\u00f3w drewnopochodnych.<\/td><\/tr><\/tbody><\/table><\/figure>\n\n\n\n<p>Pierwsza pr\u00f3ba rozmowy ze Stra\u017c\u0105 Miejsk\u0105 i urzednikami w UM Mielec \u2013 b\u0119d\u0105 kolejne.<\/p>\n\n\n\n<figure class=\"wp-block-audio\"><audio controls src=\"https:\/\/htb.com.pl\/wp-content\/uploads\/2023\/11\/Niekompetencja-urzednikow.mp3\"><\/audio><\/figure>\n","protected":false},"excerpt":{"rendered":"<p>&#8220;Uzbrojony&#8221; w poni\u017cszy materia\u0142 i mikrofon wybieram si\u0119 do Wydzia\u0142u Ochrony \u015arodowiska UM w Mielcu, aby nagra\u0107 kolejny PODCAST dotycz\u0105cy tego tematu. P\u0142yta pil\u015bniowa mi\u0119kka \u2013 dzi\u015b to STEICO isorel Zalecenia projektowe i wykonawcze Szczeg\u00f3\u0142owe zalecenia projektowe i wykonawcze znajdziesz w zak\u0142adce&nbsp;Download W\u0142a\u015bciwo\u015bci techniczne Produkcja i kontrola wg PN EN 13986 Oznakowanie p\u0142yt EN 622-4 [&hellip;]<\/p>\n","protected":false},"author":1,"featured_media":95313,"comment_status":"open","ping_status":"open","sticky":false,"template":"","format":"standard","meta":{"_jetpack_memberships_contains_paid_content":false,"footnotes":""},"categories":[895],"tags":[],"class_list":["post-95309","post","type-post","status-publish","format-standard","has-post-thumbnail","hentry","category-projekty-audycji"],"jetpack_sharing_enabled":true,"jetpack_featured_media_url":"https:\/\/htb.com.pl\/wp-content\/uploads\/2023\/11\/PalenieG.png","_links":{"self":[{"href":"https:\/\/htb.com.pl\/index.php?rest_route=\/wp\/v2\/posts\/95309","targetHints":{"allow":["GET"]}}],"collection":[{"href":"https:\/\/htb.com.pl\/index.php?rest_route=\/wp\/v2\/posts"}],"about":[{"href":"https:\/\/htb.com.pl\/index.php?rest_route=\/wp\/v2\/types\/post"}],"author":[{"embeddable":true,"href":"https:\/\/htb.com.pl\/index.php?rest_route=\/wp\/v2\/users\/1"}],"replies":[{"embeddable":true,"href":"https:\/\/htb.com.pl\/index.php?rest_route=%2Fwp%2Fv2%2Fcomments&post=95309"}],"version-history":[{"count":6,"href":"https:\/\/htb.com.pl\/index.php?rest_route=\/wp\/v2\/posts\/95309\/revisions"}],"predecessor-version":[{"id":95472,"href":"https:\/\/htb.com.pl\/index.php?rest_route=\/wp\/v2\/posts\/95309\/revisions\/95472"}],"wp:featuredmedia":[{"embeddable":true,"href":"https:\/\/htb.com.pl\/index.php?rest_route=\/wp\/v2\/media\/95313"}],"wp:attachment":[{"href":"https:\/\/htb.com.pl\/index.php?rest_route=%2Fwp%2Fv2%2Fmedia&parent=95309"}],"wp:term":[{"taxonomy":"category","embeddable":true,"href":"https:\/\/htb.com.pl\/index.php?rest_route=%2Fwp%2Fv2%2Fcategories&post=95309"},{"taxonomy":"post_tag","embeddable":true,"href":"https:\/\/htb.com.pl\/index.php?rest_route=%2Fwp%2Fv2%2Ftags&post=95309"}],"curies":[{"name":"wp","href":"https:\/\/api.w.org\/{rel}","templated":true}]}}