{"id":95562,"date":"2023-12-03T14:07:30","date_gmt":"2023-12-03T14:07:30","guid":{"rendered":"https:\/\/htb.com.pl\/?p=95562"},"modified":"2023-12-03T14:29:00","modified_gmt":"2023-12-03T14:29:00","slug":"bezholowie","status":"publish","type":"post","link":"https:\/\/htb.com.pl\/?p=95562","title":{"rendered":"Bezho\u0142owie"},"content":{"rendered":"\n<p><\/p>\n\n\n\n<figure class=\"wp-block-image size-thumbnail\"><a href=\"https:\/\/htb.com.pl\/wp-content\/uploads\/2023\/12\/Bezholowie.mp3\"><img loading=\"lazy\" decoding=\"async\" width=\"150\" height=\"150\" src=\"https:\/\/htb.com.pl\/wp-content\/uploads\/2018\/04\/posluchaj-150x150.jpg\" alt=\"\" class=\"wp-image-2020\" srcset=\"https:\/\/htb.com.pl\/wp-content\/uploads\/2018\/04\/posluchaj-150x150.jpg 150w, https:\/\/htb.com.pl\/wp-content\/uploads\/2018\/04\/posluchaj-300x300.jpg 300w, https:\/\/htb.com.pl\/wp-content\/uploads\/2018\/04\/posluchaj-100x100.jpg 100w\" sizes=\"auto, (max-width: 150px) 100vw, 150px\" \/><\/a><\/figure>\n\n\n\n<p>Bezho\u0142owie to brak porz\u0105dku i organizacji, wed\u0142ug s\u0142ownika J\u0119zyka Polskiego. \u017bycie sprawi\u0142o, \u017ce co\u015b takiego Polsce si\u0119 przytrafi\u0142o, a dla uporz\u0105dkowania tego, Szymona <strong>Ho\u0142owni\u0119 <\/strong>na czele Polskiego Sejmu, jako marsza\u0142ka postawi\u0142o.<\/p>\n\n\n\n<p>&nbsp; Wielu, co do tego doprowadzi\u0142o bardzo si\u0119 dziwi\u0142o i do dzia\u0142a\u0144 na rzecz obrony nieporz\u0105dku przyst\u0105pi\u0142o. Na pocz\u0105tek polsko-ukrai\u0144sk\u0105 granic\u0119 dla transportu samochodowego zablokowali, <a href=\"http:\/\/radiomaria.com.pl\/wp-content\/uploads\/2023\/03\/28.11.Blokada-granicy.mp3\"><img loading=\"lazy\" decoding=\"async\" width=\"150\" height=\"83\" class=\"wp-image-95567\" style=\"width: 150px;\" src=\"https:\/\/htb.com.pl\/wp-content\/uploads\/2023\/12\/Granica.jpg\" alt=\"\" srcset=\"https:\/\/htb.com.pl\/wp-content\/uploads\/2023\/12\/Granica.jpg 840w, https:\/\/htb.com.pl\/wp-content\/uploads\/2023\/12\/Granica-300x166.jpg 300w, https:\/\/htb.com.pl\/wp-content\/uploads\/2023\/12\/Granica-768x424.jpg 768w, https:\/\/htb.com.pl\/wp-content\/uploads\/2023\/12\/Granica-600x331.jpg 600w\" sizes=\"auto, (max-width: 150px) 100vw, 150px\" \/><\/a> <a href=\"http:\/\/radiomaria.com.pl\/wp-content\/uploads\/2023\/11\/28.11.Blokada-granicy-NOW.mp3\"><img loading=\"lazy\" decoding=\"async\" width=\"150\" height=\"84\" class=\"wp-image-95569\" style=\"width: 150px;\" src=\"https:\/\/htb.com.pl\/wp-content\/uploads\/2023\/12\/gRANICAnMALY.png\" alt=\"\" srcset=\"https:\/\/htb.com.pl\/wp-content\/uploads\/2023\/12\/gRANICAnMALY.png 979w, https:\/\/htb.com.pl\/wp-content\/uploads\/2023\/12\/gRANICAnMALY-300x168.png 300w, https:\/\/htb.com.pl\/wp-content\/uploads\/2023\/12\/gRANICAnMALY-768x430.png 768w, https:\/\/htb.com.pl\/wp-content\/uploads\/2023\/12\/gRANICAnMALY-600x336.png 600w\" sizes=\"auto, (max-width: 150px) 100vw, 150px\" \/><\/a> przy pomocy grupy rekonstruktor\u00f3w powo\u0142anie rz\u0105du Morawieckiego zagrali <a href=\"http:\/\/radiomaria.com.pl\/wp-content\/uploads\/2023\/11\/27.11.-Rzad-Morawieckiego.mp3\"><img loading=\"lazy\" decoding=\"async\" width=\"150\" height=\"55\" class=\"wp-image-95565\" style=\"width: 150px;\" src=\"https:\/\/htb.com.pl\/wp-content\/uploads\/2023\/12\/Rzad-na-dwatygodnie.jpg\" alt=\"\" srcset=\"https:\/\/htb.com.pl\/wp-content\/uploads\/2023\/12\/Rzad-na-dwatygodnie.jpg 987w, https:\/\/htb.com.pl\/wp-content\/uploads\/2023\/12\/Rzad-na-dwatygodnie-300x110.jpg 300w, https:\/\/htb.com.pl\/wp-content\/uploads\/2023\/12\/Rzad-na-dwatygodnie-768x282.jpg 768w, https:\/\/htb.com.pl\/wp-content\/uploads\/2023\/12\/Rzad-na-dwatygodnie-600x221.jpg 600w\" sizes=\"auto, (max-width: 150px) 100vw, 150px\" \/><\/a> i Prezydenta Dud\u0119 na Szczyt Klimatyczny do Dubaju wys\u0142ali. <a href=\"http:\/\/radiomaria.com.pl\/wp-content\/uploads\/2023\/12\/03.12.Szczyt.mp3\"><img loading=\"lazy\" decoding=\"async\" width=\"150\" height=\"116\" class=\"wp-image-95573\" style=\"width: 150px;\" src=\"https:\/\/htb.com.pl\/wp-content\/uploads\/2023\/12\/DubajA.png\" alt=\"\" srcset=\"https:\/\/htb.com.pl\/wp-content\/uploads\/2023\/12\/DubajA.png 665w, https:\/\/htb.com.pl\/wp-content\/uploads\/2023\/12\/DubajA-300x233.png 300w, https:\/\/htb.com.pl\/wp-content\/uploads\/2023\/12\/DubajA-600x466.png 600w\" sizes=\"auto, (max-width: 150px) 100vw, 150px\" \/><\/a><\/p>\n\n\n\n<p>&nbsp; Tak dzia\u0142ania rosyjskich terroryst\u00f3w w Ukrainie wspierali. <a href=\"http:\/\/radiomaria.com.pl\/wp-content\/uploads\/2023\/03\/30.11.Akolici-Putina.mp3\"><img loading=\"lazy\" decoding=\"async\" width=\"150\" height=\"277\" class=\"wp-image-95571\" style=\"width: 150px;\" src=\"https:\/\/htb.com.pl\/wp-content\/uploads\/2023\/12\/Tablety1.png\" alt=\"\" srcset=\"https:\/\/htb.com.pl\/wp-content\/uploads\/2023\/12\/Tablety1.png 252w, https:\/\/htb.com.pl\/wp-content\/uploads\/2023\/12\/Tablety1-162x300.png 162w\" sizes=\"auto, (max-width: 150px) 100vw, 150px\" \/><\/a> Wsp\u00f3lnie z Kremlem zdecydowali, \u017ce na wybory prezydenckie w Stanach Zjednoczonych b\u0119d\u0105 czekali. Gdyby tam w lipcu 2024 populi\u015bci ponownie Donalda Trumpa na prezydenta wybrali, nasi populi\u015bci i rosyjscy terrory\u015bci wiatru w \u017cagle by dostali.<\/p>\n\n\n\n<p>&nbsp; W Unii Europejskie si\u0119 zorientowali, \u017ce, \u017ceby\u015bmy jako demokracja przetrwali, czas aby\u015bmy t\u0105 uni\u0119 zreformowali. \u017beby ludzie, kt\u00f3rych tu populistami \u017ce\u015bmy nazwali \u201eVeta\u201d nie stosowali.<\/p>\n\n\n\n<p>&nbsp; Kiedy\u015b ju\u017c tak\u0105 Uni\u0119 \u201eLiberum Veto\u201d zniszczy\u0142o, to by\u0142o wtedy, jak po Unii Lubelskiej Pa\u0144stwo Polskie Rzeczpospolit\u0105 Obojga Narod\u00f3w, (1569\u20131795)<strong> <\/strong>utworzy\u0142o \u2013 w\u0142a\u015bnie przez \u201eLiberum Veto\u201d \u017ale si\u0119 to sko\u0144czy\u0142o. Epok\u0119 Jagiellon\u00f3w \u2013 kiedy Pa\u0144stwo Polskie najpot\u0119\u017cniejszym pa\u0144stwem Europy by\u0142o &#8211; to zniszczy\u0142o. Dobrze by by\u0142o, \u017ceby teraz tak nie by\u0142o.<\/p>\n","protected":false},"excerpt":{"rendered":"<p>Bezho\u0142owie to brak porz\u0105dku i organizacji, wed\u0142ug s\u0142ownika J\u0119zyka Polskiego. \u017bycie sprawi\u0142o, \u017ce co\u015b takiego Polsce si\u0119 przytrafi\u0142o, a dla uporz\u0105dkowania tego, Szymona Ho\u0142owni\u0119 na czele Polskiego Sejmu, jako marsza\u0142ka postawi\u0142o. &nbsp; Wielu, co do tego doprowadzi\u0142o bardzo si\u0119 dziwi\u0142o i do dzia\u0142a\u0144 na rzecz obrony nieporz\u0105dku przyst\u0105pi\u0142o. Na pocz\u0105tek polsko-ukrai\u0144sk\u0105 granic\u0119 dla transportu samochodowego [&hellip;]<\/p>\n","protected":false},"author":1,"featured_media":95565,"comment_status":"open","ping_status":"open","sticky":false,"template":"","format":"standard","meta":{"_jetpack_memberships_contains_paid_content":false,"footnotes":""},"categories":[4],"tags":[],"class_list":["post-95562","post","type-post","status-publish","format-standard","has-post-thumbnail","hentry","category-daty-i-fakty-blog"],"jetpack_sharing_enabled":true,"jetpack_featured_media_url":"https:\/\/htb.com.pl\/wp-content\/uploads\/2023\/12\/Rzad-na-dwatygodnie.jpg","_links":{"self":[{"href":"https:\/\/htb.com.pl\/index.php?rest_route=\/wp\/v2\/posts\/95562","targetHints":{"allow":["GET"]}}],"collection":[{"href":"https:\/\/htb.com.pl\/index.php?rest_route=\/wp\/v2\/posts"}],"about":[{"href":"https:\/\/htb.com.pl\/index.php?rest_route=\/wp\/v2\/types\/post"}],"author":[{"embeddable":true,"href":"https:\/\/htb.com.pl\/index.php?rest_route=\/wp\/v2\/users\/1"}],"replies":[{"embeddable":true,"href":"https:\/\/htb.com.pl\/index.php?rest_route=%2Fwp%2Fv2%2Fcomments&post=95562"}],"version-history":[{"count":9,"href":"https:\/\/htb.com.pl\/index.php?rest_route=\/wp\/v2\/posts\/95562\/revisions"}],"predecessor-version":[{"id":95580,"href":"https:\/\/htb.com.pl\/index.php?rest_route=\/wp\/v2\/posts\/95562\/revisions\/95580"}],"wp:featuredmedia":[{"embeddable":true,"href":"https:\/\/htb.com.pl\/index.php?rest_route=\/wp\/v2\/media\/95565"}],"wp:attachment":[{"href":"https:\/\/htb.com.pl\/index.php?rest_route=%2Fwp%2Fv2%2Fmedia&parent=95562"}],"wp:term":[{"taxonomy":"category","embeddable":true,"href":"https:\/\/htb.com.pl\/index.php?rest_route=%2Fwp%2Fv2%2Fcategories&post=95562"},{"taxonomy":"post_tag","embeddable":true,"href":"https:\/\/htb.com.pl\/index.php?rest_route=%2Fwp%2Fv2%2Ftags&post=95562"}],"curies":[{"name":"wp","href":"https:\/\/api.w.org\/{rel}","templated":true}]}}