{"id":96263,"date":"2023-12-17T16:21:27","date_gmt":"2023-12-17T16:21:27","guid":{"rendered":"https:\/\/htb.com.pl\/?p=96263"},"modified":"2023-12-17T16:48:02","modified_gmt":"2023-12-17T16:48:02","slug":"ludzie-ladu-i-spokoju-ruszaja-do-boju","status":"publish","type":"post","link":"https:\/\/htb.com.pl\/?p=96263","title":{"rendered":"Ludzie \u0142adu i spokoju ruszaj\u0105 do boju"},"content":{"rendered":"\n<p><\/p>\n\n\n\n<figure class=\"wp-block-image size-thumbnail\"><a href=\"https:\/\/htb.com.pl\/wp-content\/uploads\/2023\/12\/Ludzie-ladu-i-spokoju-ruszaja-do-boju.mp3\"><img loading=\"lazy\" decoding=\"async\" width=\"150\" height=\"150\" src=\"https:\/\/htb.com.pl\/wp-content\/uploads\/2018\/04\/posluchaj-150x150.jpg\" alt=\"\" class=\"wp-image-2020\" srcset=\"https:\/\/htb.com.pl\/wp-content\/uploads\/2018\/04\/posluchaj-150x150.jpg 150w, https:\/\/htb.com.pl\/wp-content\/uploads\/2018\/04\/posluchaj-300x300.jpg 300w, https:\/\/htb.com.pl\/wp-content\/uploads\/2018\/04\/posluchaj-100x100.jpg 100w\" sizes=\"auto, (max-width: 150px) 100vw, 150px\" \/><\/a><\/figure>\n\n\n\n<p>Polacy, kt\u00f3rzy nigdy wcze\u015bniej nie g\u0142osowali teraz zdecydowali, \u017ce \u017ali politycy nie b\u0119d\u0105 ju\u017c o ich losie decydowali. Ci, kt\u00f3rych dzi\u0119ki dotychczas milcz\u0105cym \u017ce\u015bmy wybrali, \u00a0na pocz\u0105tek swych rz\u0105d\u00f3w spontanicznie Hymn\u00a0 Polski za\u015bpiewali. \u0179li politycy wstali, ale nie \u015bpiewali. <a href=\"http:\/\/radiomaria.com.pl\/wp-content\/uploads\/2023\/12\/Hymn-Polski-spiewaja-Poslowie-X-kadencji-1.mp3\"><img loading=\"lazy\" decoding=\"async\" width=\"150\" height=\"99\" class=\"wp-image-96265\" style=\"width: 150px;\" src=\"https:\/\/htb.com.pl\/wp-content\/uploads\/2023\/12\/KaczysckiH.png\" alt=\"\" srcset=\"https:\/\/htb.com.pl\/wp-content\/uploads\/2023\/12\/KaczysckiH.png 592w, https:\/\/htb.com.pl\/wp-content\/uploads\/2023\/12\/KaczysckiH-300x197.png 300w\" sizes=\"auto, (max-width: 150px) 100vw, 150px\" \/><\/a> Trudno powiedzie\u0107 dlaczego \u2013 pami\u0119tam, \u017ce jak oni swe rz\u0105dy zaczynali Hymn\u00a0 zwykle jakie\u015b zespo\u0142y wykonywa\u0142y. \u2013 Mo\u017ce dlatego, \u017ce \u00a0jak raz mikrofony przypadkiem \u015bpiewaj\u0105cego Hymn Jaros\u0142awa Kaczy\u0144skiego zarejestrowa\u0142y\u2026\u00a0<\/p>\n\n\n\n<p><\/p>\n\n\n\n<figure class=\"wp-block-embed is-type-video is-provider-youtube wp-block-embed-youtube wp-embed-aspect-4-3 wp-has-aspect-ratio\"><div class=\"wp-block-embed__wrapper\">\n<iframe loading=\"lazy\" title=\"Kaczy\u0144ski \u015bpiewa hymn polski.\" width=\"848\" height=\"636\" src=\"https:\/\/www.youtube.com\/embed\/DT_VI-RmdO8?feature=oembed\" frameborder=\"0\" allow=\"accelerometer; autoplay; clipboard-write; encrypted-media; gyroscope; picture-in-picture; web-share\" allowfullscreen><\/iframe>\n<\/div><\/figure>\n\n\n\n<p>&nbsp; <a href=\"http:\/\/radiomaria.com.pl\/wp-content\/uploads\/2023\/12\/A12.12.Budka_.mp3\">Na razie wszystko jest \u015bpiewaj\u0105co. Borys Budka \u201eBudk\u0119 Suflera\u201d cytowa\u0142, jak Donalda Tuska na premiera proponowa\u0142. <\/a> <a href=\"http:\/\/radiomaria.com.pl\/wp-content\/uploads\/2023\/12\/12.12.-Blokada-zakonczona2.mp3\"><img loading=\"lazy\" decoding=\"async\" width=\"150\" height=\"91\" class=\"wp-image-96268\" style=\"width: 150px;\" src=\"https:\/\/htb.com.pl\/wp-content\/uploads\/2023\/12\/Dorohusk.png\" alt=\"\" srcset=\"https:\/\/htb.com.pl\/wp-content\/uploads\/2023\/12\/Dorohusk.png 997w, https:\/\/htb.com.pl\/wp-content\/uploads\/2023\/12\/Dorohusk-300x183.png 300w, https:\/\/htb.com.pl\/wp-content\/uploads\/2023\/12\/Dorohusk-768x468.png 768w, https:\/\/htb.com.pl\/wp-content\/uploads\/2023\/12\/Dorohusk-600x365.png 600w\" sizes=\"auto, (max-width: 150px) 100vw, 150px\" \/><\/a> I tylko Pose\u0142 Grzegorz Braun przedmiot kultu, jakim dla Judaizmu jest Menora sprofanowa\u0142. <a href=\"http:\/\/radiomaria.com.pl\/wp-content\/uploads\/2023\/12\/13.12.Jest-Nowy-Rzad.mp3\"><img loading=\"lazy\" decoding=\"async\" width=\"150\" height=\"91\" class=\"wp-image-96270\" style=\"width: 150px;\" src=\"https:\/\/htb.com.pl\/wp-content\/uploads\/2023\/12\/TuskR.png\" alt=\"\" srcset=\"https:\/\/htb.com.pl\/wp-content\/uploads\/2023\/12\/TuskR.png 998w, https:\/\/htb.com.pl\/wp-content\/uploads\/2023\/12\/TuskR-300x182.png 300w, https:\/\/htb.com.pl\/wp-content\/uploads\/2023\/12\/TuskR-768x467.png 768w, https:\/\/htb.com.pl\/wp-content\/uploads\/2023\/12\/TuskR-600x365.png 600w\" sizes=\"auto, (max-width: 150px) 100vw, 150px\" \/><\/a> Marsza\u0142ek Szymon Ho\u0142ownia ostro zareagowa\u0142 i teraz na razie Braun cho\u0107 pose\u0142, to nie b\u0119dzie pos\u0142owa\u0142.<\/p>\n\n\n\n<p>&nbsp; W Unii Europejskiej wszyscy do Donalda Tuska si\u0119 przymilali, nawet 5 mld euro nam przelali, ale Ukrainie 50 mld euro nie dali, <a href=\"http:\/\/radiomaria.com.pl\/wp-content\/uploads\/2023\/12\/15.12.Plam-Putina.mp3\"><img loading=\"lazy\" decoding=\"async\" width=\"150\" height=\"113\" class=\"wp-image-96272\" style=\"width: 150px;\" src=\"https:\/\/htb.com.pl\/wp-content\/uploads\/2023\/12\/Orban.jpeg\" alt=\"\" srcset=\"https:\/\/htb.com.pl\/wp-content\/uploads\/2023\/12\/Orban.jpeg 640w, https:\/\/htb.com.pl\/wp-content\/uploads\/2023\/12\/Orban-300x225.jpeg 300w, https:\/\/htb.com.pl\/wp-content\/uploads\/2023\/12\/Orban-600x450.jpeg 600w\" sizes=\"auto, (max-width: 150px) 100vw, 150px\" \/><\/a> a tylko do Wsp\u00f3lnoty Europejskiej przyj\u0105\u0107 j\u0105 obiecali. To, \u017ce Ukrai\u0144cy s\u0105 Europejczykami na polu walki pokazali \u2013 teraz nie czas i miejsce, aby\u015bmy ich tu oceniali. Ale to, \u017ce pomoc dla Ukrainy, podobnie jak Amerykanie \u017ce\u015bmy zablokowali, mo\u017ce spowodowa\u0107, \u017ce wkr\u00f3tce i my na polu walki o swojej europejsko\u015bci b\u0119dziemy decydowali.<\/p>\n","protected":false},"excerpt":{"rendered":"<p>Polacy, kt\u00f3rzy nigdy wcze\u015bniej nie g\u0142osowali teraz zdecydowali, \u017ce \u017ali politycy nie b\u0119d\u0105 ju\u017c o ich losie decydowali. Ci, kt\u00f3rych dzi\u0119ki dotychczas milcz\u0105cym \u017ce\u015bmy wybrali, \u00a0na pocz\u0105tek swych rz\u0105d\u00f3w spontanicznie Hymn\u00a0 Polski za\u015bpiewali. \u0179li politycy wstali, ale nie \u015bpiewali. Trudno powiedzie\u0107 dlaczego \u2013 pami\u0119tam, \u017ce jak oni swe rz\u0105dy zaczynali Hymn\u00a0 zwykle jakie\u015b zespo\u0142y wykonywa\u0142y. [&hellip;]<\/p>\n","protected":false},"author":1,"featured_media":96274,"comment_status":"open","ping_status":"open","sticky":false,"template":"","format":"standard","meta":{"_jetpack_memberships_contains_paid_content":false,"footnotes":""},"categories":[4],"tags":[924],"class_list":["post-96263","post","type-post","status-publish","format-standard","has-post-thumbnail","hentry","category-daty-i-fakty-blog","tag-ludzie-ladu-i-spokoju-ruszaja-do-boju"],"jetpack_sharing_enabled":true,"jetpack_featured_media_url":"https:\/\/htb.com.pl\/wp-content\/uploads\/2023\/12\/SchodyS.png","_links":{"self":[{"href":"https:\/\/htb.com.pl\/index.php?rest_route=\/wp\/v2\/posts\/96263","targetHints":{"allow":["GET"]}}],"collection":[{"href":"https:\/\/htb.com.pl\/index.php?rest_route=\/wp\/v2\/posts"}],"about":[{"href":"https:\/\/htb.com.pl\/index.php?rest_route=\/wp\/v2\/types\/post"}],"author":[{"embeddable":true,"href":"https:\/\/htb.com.pl\/index.php?rest_route=\/wp\/v2\/users\/1"}],"replies":[{"embeddable":true,"href":"https:\/\/htb.com.pl\/index.php?rest_route=%2Fwp%2Fv2%2Fcomments&post=96263"}],"version-history":[{"count":8,"href":"https:\/\/htb.com.pl\/index.php?rest_route=\/wp\/v2\/posts\/96263\/revisions"}],"predecessor-version":[{"id":96280,"href":"https:\/\/htb.com.pl\/index.php?rest_route=\/wp\/v2\/posts\/96263\/revisions\/96280"}],"wp:featuredmedia":[{"embeddable":true,"href":"https:\/\/htb.com.pl\/index.php?rest_route=\/wp\/v2\/media\/96274"}],"wp:attachment":[{"href":"https:\/\/htb.com.pl\/index.php?rest_route=%2Fwp%2Fv2%2Fmedia&parent=96263"}],"wp:term":[{"taxonomy":"category","embeddable":true,"href":"https:\/\/htb.com.pl\/index.php?rest_route=%2Fwp%2Fv2%2Fcategories&post=96263"},{"taxonomy":"post_tag","embeddable":true,"href":"https:\/\/htb.com.pl\/index.php?rest_route=%2Fwp%2Fv2%2Ftags&post=96263"}],"curies":[{"name":"wp","href":"https:\/\/api.w.org\/{rel}","templated":true}]}}