{"id":96777,"date":"2023-12-28T08:33:22","date_gmt":"2023-12-28T08:33:22","guid":{"rendered":"https:\/\/htb.com.pl\/?p=96777"},"modified":"2023-12-28T11:42:59","modified_gmt":"2023-12-28T11:42:59","slug":"wigilia-2023","status":"publish","type":"post","link":"https:\/\/htb.com.pl\/?p=96777","title":{"rendered":"Wigilia 2023"},"content":{"rendered":"\n<p>\u00a0\u00a0 <\/p>\n\n\n\n<figure class=\"wp-block-image size-thumbnail\"><a href=\"https:\/\/htb.com.pl\/wp-content\/uploads\/2023\/12\/Wigilia-2023.mp3\"><img loading=\"lazy\" decoding=\"async\" width=\"150\" height=\"150\" src=\"https:\/\/htb.com.pl\/wp-content\/uploads\/2018\/04\/posluchaj-150x150.jpg\" alt=\"\" class=\"wp-image-2020\" srcset=\"https:\/\/htb.com.pl\/wp-content\/uploads\/2018\/04\/posluchaj-150x150.jpg 150w, https:\/\/htb.com.pl\/wp-content\/uploads\/2018\/04\/posluchaj-300x300.jpg 300w, https:\/\/htb.com.pl\/wp-content\/uploads\/2018\/04\/posluchaj-100x100.jpg 100w\" sizes=\"auto, (max-width: 150px) 100vw, 150px\" \/><\/a><\/figure>\n\n\n\n<p>Jak co roku Radio MARIA nada\u0142o na \u017cywo audycj\u0119 radiow\u0105, w wiecz\u00f3r wigilijny. Blog DATY I FAKTY to jedno z archiw\u00f3w Radia MARIA. Dlatego tu mo\u017cna pos\u0142ucha\u0107 tej audycji.<\/p>\n\n\n\n<p>Cz\u0119\u015b\u0107 I<\/p>\n\n\n\n<figure class=\"wp-block-audio\"><audio controls src=\"https:\/\/htb.com.pl\/wp-content\/uploads\/2023\/12\/Wigilia-2023-I.mp3\"><\/audio><\/figure>\n\n\n\n<p>Cz\u0119\u015b\u0107 II<\/p>\n\n\n\n<figure class=\"wp-block-audio\"><audio controls src=\"https:\/\/htb.com.pl\/wp-content\/uploads\/2023\/12\/Wigilia-2023-II.mp3\"><\/audio><\/figure>\n\n\n\n<p>&nbsp; Tragedia Ukrainy <a href=\"http:\/\/radiomaria.com.pl\/wp-content\/uploads\/2023\/12\/19.12.Gary-Kasparow.mp3\"><img loading=\"lazy\" decoding=\"async\" width=\"150\" height=\"99\" class=\"wp-image-96781\" style=\"width: 150px;\" src=\"https:\/\/htb.com.pl\/wp-content\/uploads\/2023\/12\/DramatU.png\" alt=\"\" srcset=\"https:\/\/htb.com.pl\/wp-content\/uploads\/2023\/12\/DramatU.png 671w, https:\/\/htb.com.pl\/wp-content\/uploads\/2023\/12\/DramatU-300x199.png 300w, https:\/\/htb.com.pl\/wp-content\/uploads\/2023\/12\/DramatU-600x398.png 600w\" sizes=\"auto, (max-width: 150px) 100vw, 150px\" \/><\/a> jest ostatnio g\u0142\u00f3wnym tematem w naszej ram\u00f3wce i taki jest przekaz tej audycji. <a href=\"http:\/\/radiomaria.com.pl\/wp-content\/uploads\/2023\/12\/22.12.Maliuk-1.mp3\"><img loading=\"lazy\" decoding=\"async\" width=\"150\" height=\"93\" class=\"wp-image-96787\" style=\"width: 150px;\" src=\"https:\/\/htb.com.pl\/wp-content\/uploads\/2023\/12\/Maliuk.png\" alt=\"\" srcset=\"https:\/\/htb.com.pl\/wp-content\/uploads\/2023\/12\/Maliuk.png 980w, https:\/\/htb.com.pl\/wp-content\/uploads\/2023\/12\/Maliuk-300x186.png 300w, https:\/\/htb.com.pl\/wp-content\/uploads\/2023\/12\/Maliuk-768x476.png 768w, https:\/\/htb.com.pl\/wp-content\/uploads\/2023\/12\/Maliuk-600x372.png 600w\" sizes=\"auto, (max-width: 150px) 100vw, 150px\" \/><\/a><\/p>\n\n\n\n<p>Zamiast jej s\u0142ucha\u0107, mo\u017cna przeczyta\u0107 lub pos\u0142ucha\u0107 co jeszcze si\u0119 tu wydarzy\u0142o. To ma by\u0107 ostrze\u017cenie&nbsp; \u017ceby to co Putin sobie zaplanowa\u0142 si\u0119 nie zi\u015bci\u0142o.<\/p>\n\n\n\n<p>&nbsp; Jego ludzie w Polsce od 1991 roku dzia\u0142aj\u0105 i cho\u0107 ostatnio pewne k\u0142opoty maj\u0105, <a href=\"http:\/\/radiomaria.com.pl\/wp-content\/uploads\/2023\/12\/22.12.-Wezwanie-do-odbycia-kary-wiezienia.mp3\"><img loading=\"lazy\" decoding=\"async\" width=\"150\" height=\"88\" class=\"wp-image-96789\" style=\"width: 150px;\" src=\"https:\/\/htb.com.pl\/wp-content\/uploads\/2023\/12\/Do-wiezienia.png\" alt=\"\" srcset=\"https:\/\/htb.com.pl\/wp-content\/uploads\/2023\/12\/Do-wiezienia.png 1131w, https:\/\/htb.com.pl\/wp-content\/uploads\/2023\/12\/Do-wiezienia-300x177.png 300w, https:\/\/htb.com.pl\/wp-content\/uploads\/2023\/12\/Do-wiezienia-1024x604.png 1024w, https:\/\/htb.com.pl\/wp-content\/uploads\/2023\/12\/Do-wiezienia-768x453.png 768w, https:\/\/htb.com.pl\/wp-content\/uploads\/2023\/12\/Do-wiezienia-600x354.png 600w\" sizes=\"auto, (max-width: 150px) 100vw, 150px\" \/><\/a> to granic\u0119 polsko-ukrai\u0144sk\u0105 nadal blokuj\u0105 <a href=\"http:\/\/radiomaria.com.pl\/wp-content\/uploads\/2023\/12\/19.12.Blokada-granicy-trwa.mp3\"><img loading=\"lazy\" decoding=\"async\" width=\"150\" height=\"94\" class=\"wp-image-96783\" style=\"width: 150px;\" src=\"https:\/\/htb.com.pl\/wp-content\/uploads\/2023\/12\/Kolejka.png\" alt=\"\" srcset=\"https:\/\/htb.com.pl\/wp-content\/uploads\/2023\/12\/Kolejka.png 996w, https:\/\/htb.com.pl\/wp-content\/uploads\/2023\/12\/Kolejka-300x188.png 300w, https:\/\/htb.com.pl\/wp-content\/uploads\/2023\/12\/Kolejka-768x480.png 768w, https:\/\/htb.com.pl\/wp-content\/uploads\/2023\/12\/Kolejka-600x375.png 600w\" sizes=\"auto, (max-width: 150px) 100vw, 150px\" \/><\/a> i przy mediach kombinuj\u0105. Na pocz\u0105tku jedynie toru\u0144skie media mieli, ale potem r\u00f3wnie\u017c publiczne przej\u0119li. Teraz, gdy Polacy do\u015b\u0107 ju\u017c tego mieli \u017ali politycy zdecydowali, \u017ce medi\u00f3w dzi\u0119ki kt\u00f3rym ostatnio w\u0142adz\u0119 zdobywali&nbsp; nie b\u0119d\u0105 oddawali. Prezydenta Andrzeja Dud\u0119 do swojej ekipy dokoptowali, <a href=\"http:\/\/radiomaria.com.pl\/wp-content\/uploads\/2023\/12\/24.12.Bedziemy-sie-do-siebie-usmiechali.mp3\"><img loading=\"lazy\" decoding=\"async\" width=\"150\" height=\"90\" class=\"wp-image-96791\" style=\"width: 150px;\" src=\"https:\/\/htb.com.pl\/wp-content\/uploads\/2023\/12\/WetoP.png\" alt=\"\" srcset=\"https:\/\/htb.com.pl\/wp-content\/uploads\/2023\/12\/WetoP.png 991w, https:\/\/htb.com.pl\/wp-content\/uploads\/2023\/12\/WetoP-300x180.png 300w, https:\/\/htb.com.pl\/wp-content\/uploads\/2023\/12\/WetoP-768x460.png 768w, https:\/\/htb.com.pl\/wp-content\/uploads\/2023\/12\/WetoP-600x359.png 600w\" sizes=\"auto, (max-width: 150px) 100vw, 150px\" \/><\/a> a swym &#8220;wyznawcom&#8221; przekazali, \u017ce nowy rz\u0105d bud\u017cetu nie uchwali i oni \u017ali politycy <a href=\"http:\/\/radiomaria.com.pl\/wp-content\/uploads\/2023\/12\/26.12.Zaklinanie-rzeczywistosci.mp3\"><img loading=\"lazy\" decoding=\"async\" width=\"150\" height=\"113\" class=\"wp-image-96797\" style=\"width: 150px;\" src=\"https:\/\/htb.com.pl\/wp-content\/uploads\/2023\/12\/Zlipol.png\" alt=\"\" srcset=\"https:\/\/htb.com.pl\/wp-content\/uploads\/2023\/12\/Zlipol.png 627w, https:\/\/htb.com.pl\/wp-content\/uploads\/2023\/12\/Zlipol-300x226.png 300w, https:\/\/htb.com.pl\/wp-content\/uploads\/2023\/12\/Zlipol-600x452.png 600w\" sizes=\"auto, (max-width: 150px) 100vw, 150px\" \/><\/a> nadal b\u0119d\u0105 Polsk\u0119 okradali i troch\u0119 im znaczy ich wyznawcom b\u0119d\u0105 przekazywali. <a href=\"http:\/\/radiomaria.com.pl\/wp-content\/uploads\/2023\/12\/25.12.Propaganda-w-odwrocie.mp3\"><img loading=\"lazy\" decoding=\"async\" width=\"150\" height=\"85\" class=\"wp-image-96793\" style=\"width: 150px;\" src=\"https:\/\/htb.com.pl\/wp-content\/uploads\/2023\/12\/Nietykalnoscmaly.png\" alt=\"\" srcset=\"https:\/\/htb.com.pl\/wp-content\/uploads\/2023\/12\/Nietykalnoscmaly.png 984w, https:\/\/htb.com.pl\/wp-content\/uploads\/2023\/12\/Nietykalnoscmaly-300x170.png 300w, https:\/\/htb.com.pl\/wp-content\/uploads\/2023\/12\/Nietykalnoscmaly-768x436.png 768w, https:\/\/htb.com.pl\/wp-content\/uploads\/2023\/12\/Nietykalnoscmaly-600x340.png 600w\" sizes=\"auto, (max-width: 150px) 100vw, 150px\" \/><\/a><\/p>\n\n\n\n<p>&nbsp; Pokolenie 15 pa\u017adziernika, kt\u00f3re&nbsp; to z\u0142o pokona\u0142o si\u0119 zorientowa\u0142o, \u017ce jak wolno\u015bci medi\u00f3w nie b\u0119dzie pilnowa\u0142o to ci\u0119\u017cko dobro w miejsce z\u0142a b\u0119dzie si\u0119 wprowadza\u0142o &#8211; a to w\u0142a\u015bnie robi\u0107 by nale\u017ca\u0142o, \u017ceby w Polsce dobrze si\u0119 dzia\u0142o.<\/p>\n\n\n\n<p>&nbsp; Sygna\u0142 TVP z\u0142ym politykom wy\u0142\u0105czyli. <a href=\"http:\/\/radiomaria.com.pl\/wp-content\/uploads\/2023\/12\/20.12.Powstanie-Styczniowe-nowe.mp3\"><img loading=\"lazy\" decoding=\"async\" width=\"150\" height=\"113\" class=\"wp-image-96785\" style=\"width: 150px;\" src=\"https:\/\/htb.com.pl\/wp-content\/uploads\/2023\/12\/TVP-nie.jpg\" alt=\"\" srcset=\"https:\/\/htb.com.pl\/wp-content\/uploads\/2023\/12\/TVP-nie.jpg 980w, https:\/\/htb.com.pl\/wp-content\/uploads\/2023\/12\/TVP-nie-300x225.jpg 300w, https:\/\/htb.com.pl\/wp-content\/uploads\/2023\/12\/TVP-nie-768x576.jpg 768w, https:\/\/htb.com.pl\/wp-content\/uploads\/2023\/12\/TVP-nie-600x450.jpg 600w\" sizes=\"auto, (max-width: 150px) 100vw, 150px\" \/><\/a> \u0179li politycy si\u0119 zdziwili, \u017ce ci co ci\u0105gle o Konstytucji m\u00f3wili, ich metodami &#8211; znaczy niekonstytucyjnymi z medi\u00f3w publicznych ich k\u0142amstwa wywalili.<\/p>\n\n\n\n<p>To \u017ce niekonstytucyjnie to \u017ale, ale to \u017ce zdj\u0119cia, a nie malowane obrazy w TVP \u017ce\u015bmy zobaczyli, z\u0142o dobrym politykom \u017ce\u015bmy wybaczyli.<\/p>\n\n\n\n<p>&nbsp; I tak z nadziej\u0105 na to co nadchodzi narodzonego Jezuska w stajence odwiedzili.<\/p>\n","protected":false},"excerpt":{"rendered":"<p>\u00a0\u00a0 Jak co roku Radio MARIA nada\u0142o na \u017cywo audycj\u0119 radiow\u0105, w wiecz\u00f3r wigilijny. Blog DATY I FAKTY to jedno z archiw\u00f3w Radia MARIA. Dlatego tu mo\u017cna pos\u0142ucha\u0107 tej audycji. Cz\u0119\u015b\u0107 I Cz\u0119\u015b\u0107 II &nbsp; Tragedia Ukrainy jest ostatnio g\u0142\u00f3wnym tematem w naszej ram\u00f3wce i taki jest przekaz tej audycji. Zamiast jej s\u0142ucha\u0107, mo\u017cna przeczyta\u0107 [&hellip;]<\/p>\n","protected":false},"author":1,"featured_media":96799,"comment_status":"open","ping_status":"open","sticky":false,"template":"","format":"standard","meta":{"_jetpack_memberships_contains_paid_content":false,"footnotes":""},"categories":[4],"tags":[925],"class_list":["post-96777","post","type-post","status-publish","format-standard","has-post-thumbnail","hentry","category-daty-i-fakty-blog","tag-wigilia-2023"],"jetpack_sharing_enabled":true,"jetpack_featured_media_url":"https:\/\/htb.com.pl\/wp-content\/uploads\/2023\/12\/Choinka-K.png","_links":{"self":[{"href":"https:\/\/htb.com.pl\/index.php?rest_route=\/wp\/v2\/posts\/96777","targetHints":{"allow":["GET"]}}],"collection":[{"href":"https:\/\/htb.com.pl\/index.php?rest_route=\/wp\/v2\/posts"}],"about":[{"href":"https:\/\/htb.com.pl\/index.php?rest_route=\/wp\/v2\/types\/post"}],"author":[{"embeddable":true,"href":"https:\/\/htb.com.pl\/index.php?rest_route=\/wp\/v2\/users\/1"}],"replies":[{"embeddable":true,"href":"https:\/\/htb.com.pl\/index.php?rest_route=%2Fwp%2Fv2%2Fcomments&post=96777"}],"version-history":[{"count":10,"href":"https:\/\/htb.com.pl\/index.php?rest_route=\/wp\/v2\/posts\/96777\/revisions"}],"predecessor-version":[{"id":96809,"href":"https:\/\/htb.com.pl\/index.php?rest_route=\/wp\/v2\/posts\/96777\/revisions\/96809"}],"wp:featuredmedia":[{"embeddable":true,"href":"https:\/\/htb.com.pl\/index.php?rest_route=\/wp\/v2\/media\/96799"}],"wp:attachment":[{"href":"https:\/\/htb.com.pl\/index.php?rest_route=%2Fwp%2Fv2%2Fmedia&parent=96777"}],"wp:term":[{"taxonomy":"category","embeddable":true,"href":"https:\/\/htb.com.pl\/index.php?rest_route=%2Fwp%2Fv2%2Fcategories&post=96777"},{"taxonomy":"post_tag","embeddable":true,"href":"https:\/\/htb.com.pl\/index.php?rest_route=%2Fwp%2Fv2%2Ftags&post=96777"}],"curies":[{"name":"wp","href":"https:\/\/api.w.org\/{rel}","templated":true}]}}