{"id":97617,"date":"2024-01-14T13:57:56","date_gmt":"2024-01-14T13:57:56","guid":{"rendered":"https:\/\/htb.com.pl\/?p=97617"},"modified":"2024-01-14T14:27:19","modified_gmt":"2024-01-14T14:27:19","slug":"przywracanie-konstytucji","status":"publish","type":"post","link":"https:\/\/htb.com.pl\/?p=97617","title":{"rendered":"Przywracanie Konstytucji"},"content":{"rendered":"\n<p>\u00a0 <\/p>\n\n\n\n<figure class=\"wp-block-image size-thumbnail\"><a href=\"https:\/\/htb.com.pl\/wp-content\/uploads\/2024\/01\/Przywracanie-Konstytucjiu.mp3\"><img loading=\"lazy\" decoding=\"async\" width=\"150\" height=\"150\" src=\"https:\/\/htb.com.pl\/wp-content\/uploads\/2018\/04\/posluchaj-150x150.jpg\" alt=\"\" class=\"wp-image-2020\" srcset=\"https:\/\/htb.com.pl\/wp-content\/uploads\/2018\/04\/posluchaj-150x150.jpg 150w, https:\/\/htb.com.pl\/wp-content\/uploads\/2018\/04\/posluchaj-300x300.jpg 300w, https:\/\/htb.com.pl\/wp-content\/uploads\/2018\/04\/posluchaj-100x100.jpg 100w\" sizes=\"auto, (max-width: 150px) 100vw, 150px\" \/><\/a><\/figure>\n\n\n\n<p>Politycy, kt\u00f3rych w ostatnich wyborach parlamentarnych \u017ce\u015bmy wybrali, w kampanii wyborczej zadanie od nas dostali. Aby tak dzia\u0142ali, \u017ceby\u015bmy ponownie pa\u0144stwem demokratycznym si\u0119 stali. \u017beby rz\u0105dz\u0105cy wed\u0142ug praw zawartych w Konstytucji post\u0119powali. I trzeba przyzna\u0107, ludzie, kt\u00f3rych \u017ce\u015bmy wybrali za napraw\u0119 pa\u0144stwa si\u0119 zabrali. Szczujni\u0119 w TVP zlikwidowali, przest\u0119pc\u00f3w: Mariusza Kami\u0144skiego i Macieja W\u0105sika aresztowali <a href=\"http:\/\/radiomaria.com.pl\/wp-content\/uploads\/2024\/01\/10.01.Aresztowania.mp3\"><img loading=\"lazy\" decoding=\"async\" width=\"150\" height=\"92\" class=\"wp-image-97624\" style=\"width: 150px;\" src=\"https:\/\/htb.com.pl\/wp-content\/uploads\/2024\/01\/FB_IMG_1704458301840-1.jpg\" alt=\"\" srcset=\"https:\/\/htb.com.pl\/wp-content\/uploads\/2024\/01\/FB_IMG_1704458301840-1.jpg 711w, https:\/\/htb.com.pl\/wp-content\/uploads\/2024\/01\/FB_IMG_1704458301840-1-300x184.jpg 300w, https:\/\/htb.com.pl\/wp-content\/uploads\/2024\/01\/FB_IMG_1704458301840-1-600x369.jpg 600w\" sizes=\"auto, (max-width: 150px) 100vw, 150px\" \/><\/a> i za porz\u0105dki w Prokuraturze Krajowej si\u0119 zabrali. Tu niechlujstwo PiS-u wykorzystali. Zauwa\u017cyli, \u017ce Prokuratora Krajowego Dariusza Barskiego w 2022 roku PiS-owcy bezprawnie powo\u0142ali, wi\u0119c rz\u0105dz\u0105cy go teraz odwo\u0142ali i Jacka Bilewicza w to miejsce powo\u0142ali.<\/p>\n\n\n\n<p>&nbsp; Niezwyk\u0142e jest to, \u017ce o wszystko to PiS-owcy Donalda Tuska obwinili <a href=\"http:\/\/radiomaria.com.pl\/wp-content\/uploads\/2023\/03\/13.01.Naprawianie.mp3\"><img loading=\"lazy\" decoding=\"async\" width=\"150\" height=\"111\" class=\"wp-image-97626\" style=\"width: 150px;\" src=\"https:\/\/htb.com.pl\/wp-content\/uploads\/2024\/01\/Konfer.png\" alt=\"\" srcset=\"https:\/\/htb.com.pl\/wp-content\/uploads\/2024\/01\/Konfer.png 632w, https:\/\/htb.com.pl\/wp-content\/uploads\/2024\/01\/Konfer-300x222.png 300w, https:\/\/htb.com.pl\/wp-content\/uploads\/2024\/01\/Konfer-600x444.png 600w\" sizes=\"auto, (max-width: 150px) 100vw, 150px\" \/><\/a> \u2013 nie zauwa\u017cyli, \u017ce w\u0142adz\u0119 w Polsce na tak\u0105 \u017ce\u015bmy zmienili, kt\u00f3ra tr\u00f3jpodzia\u0142 w\u0142adzy b\u0119dzie stosowa\u0142a i w Polsce praworz\u0105dno\u015b\u0107 przywraca\u0142a.<\/p>\n\n\n\n<p>&nbsp; PiS-owcy ludzi na ulic\u0119 wyprowadzili <a href=\"http:\/\/radiomaria.com.pl\/wp-content\/uploads\/2023\/03\/11.01.Przegrani1.mp3\"><img loading=\"lazy\" decoding=\"async\" width=\"150\" height=\"99\" class=\"wp-image-97622\" style=\"width: 150px;\" src=\"https:\/\/htb.com.pl\/wp-content\/uploads\/2024\/01\/Tlumy.png\" alt=\"\" srcset=\"https:\/\/htb.com.pl\/wp-content\/uploads\/2024\/01\/Tlumy.png 672w, https:\/\/htb.com.pl\/wp-content\/uploads\/2024\/01\/Tlumy-300x198.png 300w, https:\/\/htb.com.pl\/wp-content\/uploads\/2024\/01\/Tlumy-600x396.png 600w\" sizes=\"auto, (max-width: 150px) 100vw, 150px\" \/><\/a> \u2013 to si\u0119 nie do ko\u0144ca uda\u0142o, wi\u0119c wymy\u015blili, \u017ce ci, co nie przybyli zimy si\u0119 wystraszyli.<\/p>\n\n\n\n<p>&nbsp; Kochani \u2013 to nie zima, ludzie rozum maj\u0105 i nawet jak go rzadko u\u017cywaj\u0105, to szczeg\u00f3lnie we wschodniej Polsce, gdzie sw\u00f3j bastion \u017ce\u015bcie stworzyli, z\u0142o jakim jest krwawi\u0105ca Ukraina zauwa\u017cyli. Dlatego, ju\u017c nigdy, w czym\u015b takim, jak cho\u0107by g\u0142osowanie w ostatnich wyborach prezydenckich, nie b\u0119d\u0105 uczestniczyli.<\/p>\n\n\n\n<p>&nbsp; Do z\u0142ych polityk\u00f3w &#8211; Kochani dobrze by by\u0142o, \u017ceby\u015bcie to zrozumieli i pretensji do tych ludzi nie mieli. Mo\u017ce jedn\u0105 Polsk\u0119 by\u015bmy wtedy mieli i jak za Jagiellon\u00f3w &nbsp;Europ\u0105 rz\u0105dzili, a nie jak to Caryca Katarzyna II nas widzia\u0142a czynili. <a href=\"http:\/\/radiomaria.com.pl\/wp-content\/uploads\/2021\/05\/Ostrze%C5%BCenieks.-prof-Tadeusza-Guza-d.mp3\"><img loading=\"lazy\" decoding=\"async\" width=\"150\" height=\"179\" class=\"wp-image-46171\" style=\"width: 150px;\" src=\"https:\/\/htb.com.pl\/wp-content\/uploads\/2021\/05\/caryca-ma\u0142y.jpg\" alt=\"\"><\/a><\/p>\n","protected":false},"excerpt":{"rendered":"<p>\u00a0 Politycy, kt\u00f3rych w ostatnich wyborach parlamentarnych \u017ce\u015bmy wybrali, w kampanii wyborczej zadanie od nas dostali. Aby tak dzia\u0142ali, \u017ceby\u015bmy ponownie pa\u0144stwem demokratycznym si\u0119 stali. \u017beby rz\u0105dz\u0105cy wed\u0142ug praw zawartych w Konstytucji post\u0119powali. I trzeba przyzna\u0107, ludzie, kt\u00f3rych \u017ce\u015bmy wybrali za napraw\u0119 pa\u0144stwa si\u0119 zabrali. Szczujni\u0119 w TVP zlikwidowali, przest\u0119pc\u00f3w: Mariusza Kami\u0144skiego i Macieja W\u0105sika [&hellip;]<\/p>\n","protected":false},"author":1,"featured_media":97628,"comment_status":"open","ping_status":"open","sticky":false,"template":"","format":"standard","meta":{"_jetpack_memberships_contains_paid_content":false,"footnotes":""},"categories":[4],"tags":[927],"class_list":["post-97617","post","type-post","status-publish","format-standard","has-post-thumbnail","hentry","category-daty-i-fakty-blog","tag-przywracanie-konstytucji"],"jetpack_sharing_enabled":true,"jetpack_featured_media_url":"https:\/\/htb.com.pl\/wp-content\/uploads\/2024\/01\/Konst1.png","_links":{"self":[{"href":"https:\/\/htb.com.pl\/index.php?rest_route=\/wp\/v2\/posts\/97617","targetHints":{"allow":["GET"]}}],"collection":[{"href":"https:\/\/htb.com.pl\/index.php?rest_route=\/wp\/v2\/posts"}],"about":[{"href":"https:\/\/htb.com.pl\/index.php?rest_route=\/wp\/v2\/types\/post"}],"author":[{"embeddable":true,"href":"https:\/\/htb.com.pl\/index.php?rest_route=\/wp\/v2\/users\/1"}],"replies":[{"embeddable":true,"href":"https:\/\/htb.com.pl\/index.php?rest_route=%2Fwp%2Fv2%2Fcomments&post=97617"}],"version-history":[{"count":8,"href":"https:\/\/htb.com.pl\/index.php?rest_route=\/wp\/v2\/posts\/97617\/revisions"}],"predecessor-version":[{"id":97637,"href":"https:\/\/htb.com.pl\/index.php?rest_route=\/wp\/v2\/posts\/97617\/revisions\/97637"}],"wp:featuredmedia":[{"embeddable":true,"href":"https:\/\/htb.com.pl\/index.php?rest_route=\/wp\/v2\/media\/97628"}],"wp:attachment":[{"href":"https:\/\/htb.com.pl\/index.php?rest_route=%2Fwp%2Fv2%2Fmedia&parent=97617"}],"wp:term":[{"taxonomy":"category","embeddable":true,"href":"https:\/\/htb.com.pl\/index.php?rest_route=%2Fwp%2Fv2%2Fcategories&post=97617"},{"taxonomy":"post_tag","embeddable":true,"href":"https:\/\/htb.com.pl\/index.php?rest_route=%2Fwp%2Fv2%2Ftags&post=97617"}],"curies":[{"name":"wp","href":"https:\/\/api.w.org\/{rel}","templated":true}]}}