{"id":97953,"date":"2024-01-21T11:48:30","date_gmt":"2024-01-21T11:48:30","guid":{"rendered":"https:\/\/htb.com.pl\/?p=97953"},"modified":"2024-01-21T13:30:44","modified_gmt":"2024-01-21T13:30:44","slug":"terroryzm-praworzadnosci","status":"publish","type":"post","link":"https:\/\/htb.com.pl\/?p=97953","title":{"rendered":"Terroryzm praworz\u0105dno\u015bci"},"content":{"rendered":"\n<p>&nbsp; <\/p>\n\n\n\n<figure class=\"wp-block-image size-thumbnail\"><a href=\"https:\/\/htb.com.pl\/wp-content\/uploads\/2024\/01\/Terroryzm-praworzadnosci.mp3\"><img loading=\"lazy\" decoding=\"async\" width=\"150\" height=\"150\" src=\"https:\/\/htb.com.pl\/wp-content\/uploads\/2018\/04\/posluchaj-150x150.jpg\" alt=\"\" class=\"wp-image-2020\" srcset=\"https:\/\/htb.com.pl\/wp-content\/uploads\/2018\/04\/posluchaj-150x150.jpg 150w, https:\/\/htb.com.pl\/wp-content\/uploads\/2018\/04\/posluchaj-300x300.jpg 300w, https:\/\/htb.com.pl\/wp-content\/uploads\/2018\/04\/posluchaj-100x100.jpg 100w\" sizes=\"auto, (max-width: 150px) 100vw, 150px\" \/><\/a><\/figure>\n\n\n\n<p>Pokazuj\u0105c \u015bwiat z perspektywy Marysi du\u017co m\u00f3wimy o terroryzmie, ale o terroryzmie praworz\u0105dno\u015bci jeszcze \u017ce\u015bmy nie m\u00f3wili. To niezwyk\u0142e okre\u015blenie \u017ali politycy wymy\u015blili i poprzez prezydenta Andrzeja Dud\u0119 og\u0142osili. <a href=\"http:\/\/radiomaria.com.pl\/wp-content\/uploads\/2024\/01\/15.0.1.Terroryzm-prawny.mp3\"><img loading=\"lazy\" decoding=\"async\" width=\"150\" height=\"99\" class=\"wp-image-97956\" style=\"width: 150px;\" src=\"https:\/\/htb.com.pl\/wp-content\/uploads\/2024\/01\/Pogrozil.png\" alt=\"\" srcset=\"https:\/\/htb.com.pl\/wp-content\/uploads\/2024\/01\/Pogrozil.png 607w, https:\/\/htb.com.pl\/wp-content\/uploads\/2024\/01\/Pogrozil-300x199.png 300w, https:\/\/htb.com.pl\/wp-content\/uploads\/2024\/01\/Pogrozil-600x397.png 600w\" sizes=\"auto, (max-width: 150px) 100vw, 150px\" \/><\/a> Nie wiem, co mo\u017ce by\u0107 z\u0142ego w karaniu za pope\u0142nienie przest\u0119pstwa pospolitego, ale mo\u017ce nie wiem wszystkiego.<\/p>\n\n\n\n<p>&nbsp; Wiem, \u017ce z\u0142em jest bagatelizowanie tego, co nam zagra\u017ca ze strony terroryzmu Putinowskiego. Nazywanie terroryzmem tego, co jest diametralnie odmienne od bezprawia i niesprawiedliwo\u015bci rz\u0105du poprzedniego, <a href=\"http:\/\/radiomaria.com.pl\/wp-content\/uploads\/2024\/01\/17.01.ProceduryHorala.mp3\"><img loading=\"lazy\" decoding=\"async\" width=\"150\" height=\"81\" class=\"wp-image-97960\" style=\"width: 150px;\" src=\"https:\/\/htb.com.pl\/wp-content\/uploads\/2024\/01\/Horala.png\" alt=\"\" srcset=\"https:\/\/htb.com.pl\/wp-content\/uploads\/2024\/01\/Horala.png 930w, https:\/\/htb.com.pl\/wp-content\/uploads\/2024\/01\/Horala-300x162.png 300w, https:\/\/htb.com.pl\/wp-content\/uploads\/2024\/01\/Horala-768x415.png 768w, https:\/\/htb.com.pl\/wp-content\/uploads\/2024\/01\/Horala-600x324.png 600w\" sizes=\"auto, (max-width: 150px) 100vw, 150px\" \/><\/a> jest wpisywaniem si\u0119&nbsp; w narracje systemu raszystowskiego. Prezydent Andrzej Duda&nbsp; broni\u0105c tego, powo\u0142a\u0142 si\u0119 na Wincentego Witosa. <a href=\"http:\/\/radiomaria.com.pl\/wp-content\/uploads\/2024\/01\/16.01.Wzorce.mp3\"><img loading=\"lazy\" decoding=\"async\" width=\"150\" height=\"78\" class=\"wp-image-97958\" style=\"width: 150px;\" src=\"https:\/\/htb.com.pl\/wp-content\/uploads\/2024\/01\/WasikKaminska.png\" alt=\"\" srcset=\"https:\/\/htb.com.pl\/wp-content\/uploads\/2024\/01\/WasikKaminska.png 633w, https:\/\/htb.com.pl\/wp-content\/uploads\/2024\/01\/WasikKaminska-300x155.png 300w, https:\/\/htb.com.pl\/wp-content\/uploads\/2024\/01\/WasikKaminska-600x311.png 600w\" sizes=\"auto, (max-width: 150px) 100vw, 150px\" \/><\/a> Wielkiego Polaka, jednego z tych, kt\u00f3rych Radio MARIA uwa\u017ca za wz\u00f3r do na\u015bladowania, co jest konieczne dla naszego przetrwania. Witos nale\u017ca\u0142 do Frontu Morges, wraz m. in. z Paderewskim i Sikorskim. Oni wtedy proponowali to, czego dzi\u015b Polacy dokonali, gdy na Koalicj\u0119 15 pa\u017adziernika zag\u0142osowali. <a href=\"http:\/\/radiomaria.com.pl\/wp-content\/uploads\/2024\/01\/19.01.Mandaty.mp3\"><img loading=\"lazy\" decoding=\"async\" width=\"150\" height=\"77\" class=\"wp-image-97962\" style=\"width: 150px;\" src=\"https:\/\/htb.com.pl\/wp-content\/uploads\/2024\/01\/Dudavmaly.png\" alt=\"\" srcset=\"https:\/\/htb.com.pl\/wp-content\/uploads\/2024\/01\/Dudavmaly.png 987w, https:\/\/htb.com.pl\/wp-content\/uploads\/2024\/01\/Dudavmaly-300x153.png 300w, https:\/\/htb.com.pl\/wp-content\/uploads\/2024\/01\/Dudavmaly-768x392.png 768w, https:\/\/htb.com.pl\/wp-content\/uploads\/2024\/01\/Dudavmaly-600x306.png 600w\" sizes=\"auto, (max-width: 150px) 100vw, 150px\" \/><\/a> To oni wtedy, w okresie mi\u0119dzywojennym w\u0142a\u015bnie do tego Polak\u00f3w namawiali. Wtedy Polacy ich nie pos\u0142uchali i we wrze\u015bniu 1939 roku Polsk\u0119 przegrali.<\/p>\n\n\n\n<p>&nbsp;Dzi\u015b historia si\u0119 powtarza, teraz raszyzm a nie faszyzm nam zagra\u017ca. Radio MARIA&nbsp; zauwa\u017ca, \u017ce dzi\u015b Polska tamtych b\u0142\u0119d\u00f3w nie powtarza. To nieprawda, \u017ce nic dwa razy si\u0119 nie zdarza.<\/p>\n\n\n\n<p><strong>Z ostatniej chwili<\/strong>:&nbsp;<strong>Si\u0142y rosyjskie zaj\u0119\u0142y wie\u015b Krochmalne, przesuwaj\u0105c si\u0119 na linii Kupia\u0144sk-Swatowe-Kreminna w obwodzie \u0142uga\u0144skim na wschodzie Ukrainy<\/strong>.<\/p>\n\n\n\n<figure class=\"wp-block-image size-full\"><img loading=\"lazy\" decoding=\"async\" width=\"857\" height=\"453\" src=\"https:\/\/htb.com.pl\/wp-content\/uploads\/2024\/01\/Krochmalne.png\" alt=\"\" class=\"wp-image-97966\" srcset=\"https:\/\/htb.com.pl\/wp-content\/uploads\/2024\/01\/Krochmalne.png 857w, https:\/\/htb.com.pl\/wp-content\/uploads\/2024\/01\/Krochmalne-300x159.png 300w, https:\/\/htb.com.pl\/wp-content\/uploads\/2024\/01\/Krochmalne-768x406.png 768w, https:\/\/htb.com.pl\/wp-content\/uploads\/2024\/01\/Krochmalne-850x450.png 850w, https:\/\/htb.com.pl\/wp-content\/uploads\/2024\/01\/Krochmalne-600x317.png 600w\" sizes=\"auto, (max-width: 857px) 100vw, 857px\" \/><\/figure>\n","protected":false},"excerpt":{"rendered":"<p>&nbsp; Pokazuj\u0105c \u015bwiat z perspektywy Marysi du\u017co m\u00f3wimy o terroryzmie, ale o terroryzmie praworz\u0105dno\u015bci jeszcze \u017ce\u015bmy nie m\u00f3wili. To niezwyk\u0142e okre\u015blenie \u017ali politycy wymy\u015blili i poprzez prezydenta Andrzeja Dud\u0119 og\u0142osili. Nie wiem, co mo\u017ce by\u0107 z\u0142ego w karaniu za pope\u0142nienie przest\u0119pstwa pospolitego, ale mo\u017ce nie wiem wszystkiego. &nbsp; Wiem, \u017ce z\u0142em jest bagatelizowanie tego, co [&hellip;]<\/p>\n","protected":false},"author":1,"featured_media":97968,"comment_status":"open","ping_status":"open","sticky":false,"template":"","format":"standard","meta":{"_jetpack_memberships_contains_paid_content":false,"footnotes":""},"categories":[4],"tags":[928],"class_list":["post-97953","post","type-post","status-publish","format-standard","has-post-thumbnail","hentry","category-daty-i-fakty-blog","tag-terroryzm-praworzadnosci"],"jetpack_sharing_enabled":true,"jetpack_featured_media_url":"https:\/\/htb.com.pl\/wp-content\/uploads\/2024\/01\/Davos.png","_links":{"self":[{"href":"https:\/\/htb.com.pl\/index.php?rest_route=\/wp\/v2\/posts\/97953","targetHints":{"allow":["GET"]}}],"collection":[{"href":"https:\/\/htb.com.pl\/index.php?rest_route=\/wp\/v2\/posts"}],"about":[{"href":"https:\/\/htb.com.pl\/index.php?rest_route=\/wp\/v2\/types\/post"}],"author":[{"embeddable":true,"href":"https:\/\/htb.com.pl\/index.php?rest_route=\/wp\/v2\/users\/1"}],"replies":[{"embeddable":true,"href":"https:\/\/htb.com.pl\/index.php?rest_route=%2Fwp%2Fv2%2Fcomments&post=97953"}],"version-history":[{"count":9,"href":"https:\/\/htb.com.pl\/index.php?rest_route=\/wp\/v2\/posts\/97953\/revisions"}],"predecessor-version":[{"id":97975,"href":"https:\/\/htb.com.pl\/index.php?rest_route=\/wp\/v2\/posts\/97953\/revisions\/97975"}],"wp:featuredmedia":[{"embeddable":true,"href":"https:\/\/htb.com.pl\/index.php?rest_route=\/wp\/v2\/media\/97968"}],"wp:attachment":[{"href":"https:\/\/htb.com.pl\/index.php?rest_route=%2Fwp%2Fv2%2Fmedia&parent=97953"}],"wp:term":[{"taxonomy":"category","embeddable":true,"href":"https:\/\/htb.com.pl\/index.php?rest_route=%2Fwp%2Fv2%2Fcategories&post=97953"},{"taxonomy":"post_tag","embeddable":true,"href":"https:\/\/htb.com.pl\/index.php?rest_route=%2Fwp%2Fv2%2Ftags&post=97953"}],"curies":[{"name":"wp","href":"https:\/\/api.w.org\/{rel}","templated":true}]}}