{"id":98066,"date":"2024-01-23T11:19:12","date_gmt":"2024-01-23T11:19:12","guid":{"rendered":"https:\/\/htb.com.pl\/?p=98066"},"modified":"2024-01-23T11:19:13","modified_gmt":"2024-01-23T11:19:13","slug":"zespol-ds-rozliczen","status":"publish","type":"post","link":"https:\/\/htb.com.pl\/?p=98066","title":{"rendered":"ZESP\u00d3\u0141 DS. ROZLICZE\u0143"},"content":{"rendered":"\n<figure class=\"wp-block-embed is-type-video is-provider-youtube wp-block-embed-youtube wp-embed-aspect-16-9 wp-has-aspect-ratio\"><div class=\"wp-block-embed__wrapper\">\n<iframe loading=\"lazy\" title=\"Giertych: Powstanie Zespo\u0142u ds. Rozlicze\u0144\" width=\"848\" height=\"477\" src=\"https:\/\/www.youtube.com\/embed\/KeP0Mv6UdB4?feature=oembed\" frameborder=\"0\" allow=\"accelerometer; autoplay; clipboard-write; encrypted-media; gyroscope; picture-in-picture; web-share\" allowfullscreen><\/iframe>\n<\/div><\/figure>\n\n\n\n<p><strong>Moja sprawa dla ZESPO\u0141U DS. ROZLICZE\u0143<\/strong><\/p>\n\n\n\n<figure class=\"wp-block-image size-full\"><img loading=\"lazy\" decoding=\"async\" width=\"752\" height=\"496\" src=\"https:\/\/htb.com.pl\/wp-content\/uploads\/2024\/01\/Dawid.png\" alt=\"\" class=\"wp-image-98067\" srcset=\"https:\/\/htb.com.pl\/wp-content\/uploads\/2024\/01\/Dawid.png 752w, https:\/\/htb.com.pl\/wp-content\/uploads\/2024\/01\/Dawid-300x198.png 300w, https:\/\/htb.com.pl\/wp-content\/uploads\/2024\/01\/Dawid-600x396.png 600w\" sizes=\"auto, (max-width: 752px) 100vw, 752px\" \/><\/figure>\n\n\n\n<h2 class=\"wp-block-heading\">Dawid Kostecki (Cygan) 1981-2019. Jak to si\u0119 sta\u0142o? Radio MARIA b\u0119dzie o to pyta\u0142o, bo 15 pa\u017adziernika 2023 roku wreszcie co\u015b dobrego si\u0119 sta\u0142o \u2013 r\u00f3wnie\u017c t\u0105 zbrodni\u0119 wyja\u015bni\u0107 by nale\u017ca\u0142o.<\/h2>\n","protected":false},"excerpt":{"rendered":"<p>Moja sprawa dla ZESPO\u0141U DS. ROZLICZE\u0143 Dawid Kostecki (Cygan) 1981-2019. Jak to si\u0119 sta\u0142o? Radio MARIA b\u0119dzie o to pyta\u0142o, bo 15 pa\u017adziernika 2023 roku wreszcie co\u015b dobrego si\u0119 sta\u0142o \u2013 r\u00f3wnie\u017c t\u0105 zbrodni\u0119 wyja\u015bni\u0107 by nale\u017ca\u0142o.<\/p>\n","protected":false},"author":1,"featured_media":98069,"comment_status":"open","ping_status":"open","sticky":false,"template":"","format":"standard","meta":{"_jetpack_memberships_contains_paid_content":false,"footnotes":""},"categories":[895],"tags":[],"class_list":["post-98066","post","type-post","status-publish","format-standard","has-post-thumbnail","hentry","category-projekty-audycji"],"jetpack_sharing_enabled":true,"jetpack_featured_media_url":"https:\/\/htb.com.pl\/wp-content\/uploads\/2024\/01\/FREE_840.jpg","_links":{"self":[{"href":"https:\/\/htb.com.pl\/index.php?rest_route=\/wp\/v2\/posts\/98066","targetHints":{"allow":["GET"]}}],"collection":[{"href":"https:\/\/htb.com.pl\/index.php?rest_route=\/wp\/v2\/posts"}],"about":[{"href":"https:\/\/htb.com.pl\/index.php?rest_route=\/wp\/v2\/types\/post"}],"author":[{"embeddable":true,"href":"https:\/\/htb.com.pl\/index.php?rest_route=\/wp\/v2\/users\/1"}],"replies":[{"embeddable":true,"href":"https:\/\/htb.com.pl\/index.php?rest_route=%2Fwp%2Fv2%2Fcomments&post=98066"}],"version-history":[{"count":2,"href":"https:\/\/htb.com.pl\/index.php?rest_route=\/wp\/v2\/posts\/98066\/revisions"}],"predecessor-version":[{"id":98070,"href":"https:\/\/htb.com.pl\/index.php?rest_route=\/wp\/v2\/posts\/98066\/revisions\/98070"}],"wp:featuredmedia":[{"embeddable":true,"href":"https:\/\/htb.com.pl\/index.php?rest_route=\/wp\/v2\/media\/98069"}],"wp:attachment":[{"href":"https:\/\/htb.com.pl\/index.php?rest_route=%2Fwp%2Fv2%2Fmedia&parent=98066"}],"wp:term":[{"taxonomy":"category","embeddable":true,"href":"https:\/\/htb.com.pl\/index.php?rest_route=%2Fwp%2Fv2%2Fcategories&post=98066"},{"taxonomy":"post_tag","embeddable":true,"href":"https:\/\/htb.com.pl\/index.php?rest_route=%2Fwp%2Fv2%2Ftags&post=98066"}],"curies":[{"name":"wp","href":"https:\/\/api.w.org\/{rel}","templated":true}]}}